{"id":12925,"date":"2023-06-03T18:51:31","date_gmt":"2023-06-03T16:51:31","guid":{"rendered":"http:\/\/manet-scrabble.org\/?p=12925"},"modified":"2023-06-17T08:47:31","modified_gmt":"2023-06-17T06:47:31","slug":"12925","status":"publish","type":"post","link":"http:\/\/manet-scrabble.org\/?p=12925","title":{"rendered":"<h4><span style=\"color: #0000ff;\">AG DE MANET SCRABBLE le LUNDI 19 JUIN 2023<code><\/code><\/span><\/h4>"},"content":{"rendered":"<p><span style=\"color: #0000ff;\">Bonjour amis scrabbleurs et amies scrabbleuses,<\/span><\/p>\n<p><span style=\"color: #0000ff;\"><strong>L&#8217;assembl\u00e9e G\u00e9n\u00e9rale Annuelle de Manet Scrabble<\/strong> se d\u00e9roulera le <strong>lundi 19 juin 2023 \u00e0 19h30 <\/strong>\u00e0 la M\u00e9sang\u00e8re. Les membres de l&#8217;actuel bureau (Josiane, Anne, Jean-Paul et moi-m\u00eame) ayant \u00e9t\u00e9 \u00e9lu pour 2 ans, restent donc en place.<\/span><\/p>\n<p><span style=\"color: #0000ff;\">Bien entendu, l\u2019Assembl\u00e9e G\u00e9n\u00e9rale sera la plus courte possible et coupl\u00e9e comme d&#8217;habitude avec <strong>la F\u00eate du Club<\/strong> qui laissera encore cette ann\u00e9e place \u00e0 la convivialit\u00e9 lors de cette soir\u00e9e.<\/span><\/p>\n<p style=\"text-align: center;\"><a href=\"http:\/\/manet-scrabble.org\/wp-content\/uploads\/2023\/06\/AG-2023-v2.png\"><img loading=\"lazy\" decoding=\"async\" class=\"alignnone size-medium wp-image-12927\" src=\"http:\/\/manet-scrabble.org\/wp-content\/uploads\/2023\/06\/AG-2023-v2-300x213.png\" alt=\"\" width=\"300\" height=\"213\" srcset=\"http:\/\/manet-scrabble.org\/wp-content\/uploads\/2023\/06\/AG-2023-v2-300x213.png 300w, http:\/\/manet-scrabble.org\/wp-content\/uploads\/2023\/06\/AG-2023-v2.png 700w\" sizes=\"auto, (max-width: 300px) 100vw, 300px\" \/><\/a><\/p>\n<p><span style=\"color: #0000ff;\">Nous comptons sur votre pr\u00e9sence que je vous demande de me confirmer (ou m&#8217;infirmer) d\u00e9s que possible pour l&#8217;organisation. Inscrivez-vous rapidement par mail \u00e0<\/span> : <a href=\"mailto:Montigny-scrabble@outlook.fr\">Montigny-scrabble@outlook.fr<\/a> ou, <span style=\"color: #0000ff;\"><strong>si vous n\u2019avez pas de mail<\/strong>, par t\u00e9l\u00e9phone au 01 74 09 98 69 ou au 06 08 92 48 20<\/span><\/p>\n<p><span style=\"color: #0000ff;\">Comme d&#8217;habitude, chacun est sollicit\u00e9 pour garnir le buffet que nous partagerons tous ensemble, \u00e0 savoir g\u00e2teaux ap\u00e9ritifs, entr\u00e9es, salades, fromages et desserts.&nbsp;Je me chargerai des ap\u00e9ritifs, boissons, viandes et pains.<\/span><\/p>\n<p><span style=\"color: #0000ff;\">Je remercie tous les&nbsp;adh\u00e9rents qui ont anim\u00e9 notre Club tout au long de l&#8217;ann\u00e9e en participant dans la bonne humeur, en toute convivialit\u00e9, tout en gardant le s\u00e9rieux n\u00e9cessaire \u00e0 cette activit\u00e9. Je souhaite de bonnes vacances \u00e0 ceux qui ne pourront pas se joindre \u00e0 notre f\u00eate et leur donne rendez-vous en septembre pour le forum et la reprise de notre activit\u00e9 favorite.<\/span><\/p>\n<p><span style=\"color: #0000ff;\">Amiti\u00e9s&nbsp;<\/span><\/p>\n<p><span style=\"color: #0000ff;\">Daniel<\/span><\/p>\n<p><span style=\"color: #0000ff;\">PS : M&#8217;avertir de ce que vous apporterez en v\u00e9rifiant sur le site la composition du buffet !<\/span><\/p>\n<p><strong><span style=\"color: #ff0000;\">Nombre de pr\u00e9sents inscrits : 33<\/span><\/strong><\/p>\n<table style=\"height: 113px;\" width=\"486\">\n<tbody>\n<tr>\n<td style=\"width: 88.3333px; border-style: solid;\">&nbsp;<\/td>\n<td style=\"width: 69.35px; text-align: center; border-style: solid;\"><span style=\"color: #ff6600;\">G\u00e2teaux ou autres pour app\u00e9titif<\/span><\/td>\n<td style=\"width: 68.35px; text-align: center; border-style: solid;\"><span style=\"color: #800080;\">Quiches ou tartes sal\u00e9es<\/span><\/td>\n<td style=\"width: 80.0333px; text-align: center; border-style: solid;\"><span style=\"color: #ff0000;\">Salades<\/span><br \/>\n<span style=\"color: #ff0000;\">compos\u00e9es<\/span><\/td>\n<td style=\"width: 72.3667px; border-style: solid; text-align: center;\"><span style=\"color: #008080;\">Fromages<\/span><\/td>\n<td style=\"width: 70.3667px; text-align: center; border-style: solid;\"><span style=\"color: #0000ff;\">Desserts&nbsp;<\/span><\/td>\n<\/tr>\n<tr>\n<td style=\"width: 88.3333px; border-style: solid;\"><em>Propositions<\/em><\/td>\n<td style=\"width: 69.35px; border-style: solid; text-align: center;\">5<\/td>\n<td style=\"width: 68.35px; border-style: solid; text-align: center;\">2<\/td>\n<td style=\"width: 80.0333px; border-style: solid; text-align: center;\">5<\/td>\n<td style=\"width: 72.3667px; border-style: solid; text-align: center;\">2<\/td>\n<td style=\"width: 70.3667px; border-style: solid; text-align: center;\">6<\/td>\n<\/tr>\n<\/tbody>\n<\/table>\n","protected":false},"excerpt":{"rendered":"<p>Bonjour amis scrabbleurs et amies scrabbleuses, L&#8217;assembl\u00e9e G\u00e9n\u00e9rale Annuelle de Manet Scrabble se d\u00e9roulera le lundi 19 juin 2023 \u00e0 19h30 \u00e0 la M\u00e9sang\u00e8re. Les membres de l&#8217;actuel bureau (Josiane, Anne, Jean-Paul et moi-m\u00eame) ayant \u00e9t\u00e9 \u00e9lu pour 2 ans, &hellip; <a href=\"http:\/\/manet-scrabble.org\/?p=12925\">Continuer la lecture <span class=\"meta-nav\">&rarr;<\/span><\/a><\/p>\n","protected":false},"author":2,"featured_media":0,"comment_status":"open","ping_status":"open","sticky":false,"template":"","format":"standard","meta":{"_editorskit_title_hidden":false,"_editorskit_reading_time":0,"_editorskit_is_block_options_detached":false,"_editorskit_block_options_position":"{}","ngg_post_thumbnail":0,"footnotes":""},"categories":[1],"tags":[],"class_list":["post-12925","post","type-post","status-publish","format-standard","hentry","category-news"],"aioseo_notices":[],"_links":{"self":[{"href":"http:\/\/manet-scrabble.org\/index.php?rest_route=\/wp\/v2\/posts\/12925","targetHints":{"allow":["GET"]}}],"collection":[{"href":"http:\/\/manet-scrabble.org\/index.php?rest_route=\/wp\/v2\/posts"}],"about":[{"href":"http:\/\/manet-scrabble.org\/index.php?rest_route=\/wp\/v2\/types\/post"}],"author":[{"embeddable":true,"href":"http:\/\/manet-scrabble.org\/index.php?rest_route=\/wp\/v2\/users\/2"}],"replies":[{"embeddable":true,"href":"http:\/\/manet-scrabble.org\/index.php?rest_route=%2Fwp%2Fv2%2Fcomments&post=12925"}],"version-history":[{"count":21,"href":"http:\/\/manet-scrabble.org\/index.php?rest_route=\/wp\/v2\/posts\/12925\/revisions"}],"predecessor-version":[{"id":13006,"href":"http:\/\/manet-scrabble.org\/index.php?rest_route=\/wp\/v2\/posts\/12925\/revisions\/13006"}],"wp:attachment":[{"href":"http:\/\/manet-scrabble.org\/index.php?rest_route=%2Fwp%2Fv2%2Fmedia&parent=12925"}],"wp:term":[{"taxonomy":"category","embeddable":true,"href":"http:\/\/manet-scrabble.org\/index.php?rest_route=%2Fwp%2Fv2%2Fcategories&post=12925"},{"taxonomy":"post_tag","embeddable":true,"href":"http:\/\/manet-scrabble.org\/index.php?rest_route=%2Fwp%2Fv2%2Ftags&post=12925"}],"curies":[{"name":"wp","href":"https:\/\/api.w.org\/{rel}","templated":true}]}}